{"id":3763,"date":"2026-02-02T14:29:47","date_gmt":"2026-02-02T13:29:47","guid":{"rendered":"https:\/\/aux-4-coins-des-mots.fr\/?p=3763"},"modified":"2026-02-22T16:02:27","modified_gmt":"2026-02-22T15:02:27","slug":"une-question-de-choix","status":"publish","type":"post","link":"https:\/\/aux-4-coins-des-mots.fr\/index.php\/2026\/02\/02\/une-question-de-choix\/","title":{"rendered":"Une question de choix&#8230;"},"content":{"rendered":"\n<h5 class=\"wp-block-heading has-heading-color has-primary-background-color has-text-color has-background has-link-color wp-elements-c57f46ca4de12a987202b4778779f8da\"><strong>Les choix politiques fa\u00e7onnent les conditions de la solidarit\u00e9.<\/strong><\/h5>\n\n\n\n<figure data-wp-context=\"{&quot;imageId&quot;:&quot;69f536df2acdb&quot;}\" data-wp-interactive=\"core\/image\" data-wp-key=\"69f536df2acdb\" class=\"wp-block-image aligncenter size-large is-resized wp-lightbox-container\"><img loading=\"lazy\" decoding=\"async\" width=\"683\" height=\"1024\" data-wp-class--hide=\"state.isContentHidden\" data-wp-class--show=\"state.isContentVisible\" data-wp-init=\"callbacks.setButtonStyles\" data-wp-on--click=\"actions.showLightbox\" data-wp-on--load=\"callbacks.setButtonStyles\" data-wp-on-window--resize=\"callbacks.setButtonStyles\" src=\"https:\/\/aux-4-coins-des-mots.fr\/wp-content\/uploads\/2025\/12\/vigilence-683x1024.png\" alt=\"\" class=\"wp-image-3266\" style=\"aspect-ratio:0.6666666666666666;width:320px;height:auto\" srcset=\"https:\/\/aux-4-coins-des-mots.fr\/wp-content\/uploads\/2025\/12\/vigilence-683x1024.png 683w, https:\/\/aux-4-coins-des-mots.fr\/wp-content\/uploads\/2025\/12\/vigilence-200x300.png 200w, https:\/\/aux-4-coins-des-mots.fr\/wp-content\/uploads\/2025\/12\/vigilence-768x1152.png 768w, https:\/\/aux-4-coins-des-mots.fr\/wp-content\/uploads\/2025\/12\/vigilence.png 1024w\" sizes=\"auto, (max-width: 683px) 100vw, 683px\" \/><button\n\t\t\tclass=\"lightbox-trigger\"\n\t\t\ttype=\"button\"\n\t\t\taria-haspopup=\"dialog\"\n\t\t\taria-label=\"Agrandir\"\n\t\t\tdata-wp-init=\"callbacks.initTriggerButton\"\n\t\t\tdata-wp-on--click=\"actions.showLightbox\"\n\t\t\tdata-wp-style--right=\"state.imageButtonRight\"\n\t\t\tdata-wp-style--top=\"state.imageButtonTop\"\n\t\t>\n\t\t\t<svg xmlns=\"http:\/\/www.w3.org\/2000\/svg\" width=\"12\" height=\"12\" fill=\"none\" viewBox=\"0 0 12 12\">\n\t\t\t\t<path fill=\"#fff\" d=\"M2 0a2 2 0 0 0-2 2v2h1.5V2a.5.5 0 0 1 .5-.5h2V0H2Zm2 10.5H2a.5.5 0 0 1-.5-.5V8H0v2a2 2 0 0 0 2 2h2v-1.5ZM8 12v-1.5h2a.5.5 0 0 0 .5-.5V8H12v2a2 2 0 0 1-2 2H8Zm2-12a2 2 0 0 1 2 2v2h-1.5V2a.5.5 0 0 0-.5-.5H8V0h2Z\" \/>\n\t\t\t<\/svg>\n\t\t<\/button><\/figure>\n\n\n\n<p>\u00c0 l\u2019approche d\u2019\u00e9ch\u00e9ances \u00e9lectorales importantes, notre association rappelle son attachement \u00e0 une <strong>soci\u00e9t\u00e9 inclusive<\/strong>, <strong>protectrice <\/strong>et <strong>solidaire<\/strong>.<\/p>\n\n\n\n<p>Le soutien aux actions psychosociales, \u00e0 la pr\u00e9vention et au tissu associatif n\u2019est jamais neutre. Il d\u00e9pend de choix politiques clairs.<\/p>\n\n\n\n<p class=\"has-vivid-red-color has-text-color has-link-color wp-elements-d30af1f3919f6325c0c37e3aba37f627\"><strong>\u00catre vigilant, aujourd\u2019hui, c\u2019est prot\u00e9ger l\u2019humain de demain.<\/strong><\/p>\n\n\n\n<p class=\"has-vivid-red-color has-text-color has-link-color wp-elements-dff09c59186cc92c77c7ecb193b1742c\"><strong>Pr\u00e9server le lien, prot\u00e9ger l\u2019humain<\/strong><\/p>\n\n\n\n<p>Notre association agit chaque jour aupr\u00e8s de personnes fragilis\u00e9es, familles en difficult\u00e9, enfants, adolescents et adultes confront\u00e9s \u00e0 la pr\u00e9carit\u00e9, \u00e0 la souffrance psychique ou \u00e0 l\u2019isolement social.<\/p>\n\n\n\n<p>Ce travail repose sur des principes simples et non n\u00e9gociables : l\u2019accueil inconditionnel, la dignit\u00e9, la solidarit\u00e9, l\u2019\u00e9galit\u00e9 de traitement, la confiance dans le service public et le tissu associatif.<\/p>\n\n\n\n<p>Or, nous savons que ces principes ne vont pas toujours de soi. <\/p>\n\n\n\n<p>Les orientations politiques nationales et locales ont des cons\u00e9quences concr\u00e8tes sur :<br>\u2022 les financements des actions sociales et m\u00e9dico-psychosociales,<br>\u2022 l\u2019acc\u00e8s aux droits et \u00e0 la sant\u00e9,<br>\u2022 la reconnaissance du travail associatif,<br>\u2022 la protection des plus vuln\u00e9rables.<\/p>\n\n\n\n<p>Certaines visions de la soci\u00e9t\u00e9 tendent aujourd\u2019hui \u00e0<strong> r\u00e9duire les politiques de solidarit\u00e9<\/strong>, \u00e0 <strong>conditionner l\u2019aide<\/strong>, \u00e0 <strong>stigmatiser plut\u00f4t qu\u2019accompagner<\/strong>, ou \u00e0 <strong>opposer les publics entre eux<\/strong>.<br>Ces orientations mettent directement en <strong>danger <\/strong>le travail de terrain, la pr\u00e9vention, et l\u2019accompagnement humain de long terme.<\/p>\n\n\n\n<p>\u00c0 l\u2019approche d\u2019\u00e9ch\u00e9ances \u00e9lectorales majeures, locales comme nationales, nous appelons \u00e0 une<strong> vigilance citoyenne<\/strong>.<br>Les choix faits aujourd\u2019hui engagent durablement l\u2019avenir du secteur social, \u00e9ducatif et sanitaire \u2014 et, au-del\u00e0, la qualit\u00e9 du lien social dans notre soci\u00e9t\u00e9.<\/p>\n\n\n\n<p>Notre association n\u2019est affili\u00e9e \u00e0 aucun parti.<br>Mais elle affirme clairement son attachement \u00e0 une soci\u00e9t\u00e9 :<br>\u2022 qui <strong>investit <\/strong>dans la pr\u00e9vention plut\u00f4t que dans l\u2019exclusion,<br>\u2022 qui <strong>soutient <\/strong>les associations plut\u00f4t que de les affaiblir,<br>\u2022 qui <strong>prot\u00e8ge <\/strong>les enfants, les familles et les personnes vuln\u00e9rables sans distinction,<br>\u2022 qui consid\u00e8re la <strong>solidarit\u00e9 <\/strong>non comme une charge, mais comme un <strong>socle d\u00e9mocratique<\/strong>.<\/p>\n\n\n\n<p class=\"has-vivid-red-color has-text-color has-link-color wp-elements-33474efaaad99fe22e451bbfef8d1e93\"><strong>Soutenir le travail associatif, c\u2019est d\u00e9fendre une certaine id\u00e9e de l\u2019humain.<br>C\u2019est aussi refuser l\u2019indiff\u00e9rence, la simplification et les politiques de renoncement.<\/strong><\/p>\n\n\n\n<hr class=\"wp-block-separator has-alpha-channel-opacity\"\/>\n<div class=\"pvc_clear\"><\/div><p id=\"pvc_stats_3763\" class=\"pvc_stats all  \" data-element-id=\"3763\" style=\"\"><i class=\"pvc-stats-icon medium\" aria-hidden=\"true\"><svg aria-hidden=\"true\" focusable=\"false\" data-prefix=\"far\" data-icon=\"chart-bar\" role=\"img\" xmlns=\"http:\/\/www.w3.org\/2000\/svg\" viewBox=\"0 0 512 512\" class=\"svg-inline--fa fa-chart-bar fa-w-16 fa-2x\"><path fill=\"currentColor\" d=\"M396.8 352h22.4c6.4 0 12.8-6.4 12.8-12.8V108.8c0-6.4-6.4-12.8-12.8-12.8h-22.4c-6.4 0-12.8 6.4-12.8 12.8v230.4c0 6.4 6.4 12.8 12.8 12.8zm-192 0h22.4c6.4 0 12.8-6.4 12.8-12.8V140.8c0-6.4-6.4-12.8-12.8-12.8h-22.4c-6.4 0-12.8 6.4-12.8 12.8v198.4c0 6.4 6.4 12.8 12.8 12.8zm96 0h22.4c6.4 0 12.8-6.4 12.8-12.8V204.8c0-6.4-6.4-12.8-12.8-12.8h-22.4c-6.4 0-12.8 6.4-12.8 12.8v134.4c0 6.4 6.4 12.8 12.8 12.8zM496 400H48V80c0-8.84-7.16-16-16-16H16C7.16 64 0 71.16 0 80v336c0 17.67 14.33 32 32 32h464c8.84 0 16-7.16 16-16v-16c0-8.84-7.16-16-16-16zm-387.2-48h22.4c6.4 0 12.8-6.4 12.8-12.8v-70.4c0-6.4-6.4-12.8-12.8-12.8h-22.4c-6.4 0-12.8 6.4-12.8 12.8v70.4c0 6.4 6.4 12.8 12.8 12.8z\" class=\"\"><\/path><\/svg><\/i> <img loading=\"lazy\" decoding=\"async\" width=\"16\" height=\"16\" alt=\"Loading\" src=\"https:\/\/aux-4-coins-des-mots.fr\/wp-content\/plugins\/page-views-count\/ajax-loader-2x.gif\" border=0 \/><\/p><div class=\"pvc_clear\"><\/div>","protected":false},"excerpt":{"rendered":"<p>Les choix politiques fa\u00e7onnent les conditions de la solidarit\u00e9. \u00c0 l\u2019approche d\u2019\u00e9ch\u00e9ances \u00e9lectorales importantes, notre association rappelle son attachement \u00e0 une soci\u00e9t\u00e9 inclusive, protectrice et solidaire. Le soutien aux actions psychosociales, \u00e0 la pr\u00e9vention et au tissu associatif n\u2019est jamais neutre. Il d\u00e9pend de choix politiques clairs. \u00catre vigilant, aujourd\u2019hui, c\u2019est prot\u00e9ger l\u2019humain de demain. [&hellip;]<\/p>\n<div class=\"pvc_clear\"><\/div>\n<p id=\"pvc_stats_3763\" class=\"pvc_stats all  \" data-element-id=\"3763\" style=\"\"><i class=\"pvc-stats-icon medium\" aria-hidden=\"true\"><svg aria-hidden=\"true\" focusable=\"false\" data-prefix=\"far\" data-icon=\"chart-bar\" role=\"img\" xmlns=\"http:\/\/www.w3.org\/2000\/svg\" viewBox=\"0 0 512 512\" class=\"svg-inline--fa fa-chart-bar fa-w-16 fa-2x\"><path fill=\"currentColor\" d=\"M396.8 352h22.4c6.4 0 12.8-6.4 12.8-12.8V108.8c0-6.4-6.4-12.8-12.8-12.8h-22.4c-6.4 0-12.8 6.4-12.8 12.8v230.4c0 6.4 6.4 12.8 12.8 12.8zm-192 0h22.4c6.4 0 12.8-6.4 12.8-12.8V140.8c0-6.4-6.4-12.8-12.8-12.8h-22.4c-6.4 0-12.8 6.4-12.8 12.8v198.4c0 6.4 6.4 12.8 12.8 12.8zm96 0h22.4c6.4 0 12.8-6.4 12.8-12.8V204.8c0-6.4-6.4-12.8-12.8-12.8h-22.4c-6.4 0-12.8 6.4-12.8 12.8v134.4c0 6.4 6.4 12.8 12.8 12.8zM496 400H48V80c0-8.84-7.16-16-16-16H16C7.16 64 0 71.16 0 80v336c0 17.67 14.33 32 32 32h464c8.84 0 16-7.16 16-16v-16c0-8.84-7.16-16-16-16zm-387.2-48h22.4c6.4 0 12.8-6.4 12.8-12.8v-70.4c0-6.4-6.4-12.8-12.8-12.8h-22.4c-6.4 0-12.8 6.4-12.8 12.8v70.4c0 6.4 6.4 12.8 12.8 12.8z\" class=\"\"><\/path><\/svg><\/i> <img loading=\"lazy\" decoding=\"async\" width=\"16\" height=\"16\" alt=\"Loading\" src=\"https:\/\/aux-4-coins-des-mots.fr\/wp-content\/plugins\/page-views-count\/ajax-loader-2x.gif\" border=0 \/><\/p>\n<div class=\"pvc_clear\"><\/div>\n","protected":false},"author":1,"featured_media":3266,"comment_status":"closed","ping_status":"open","sticky":false,"template":"","format":"standard","meta":{"iawp_total_views":1,"_jetpack_memberships_contains_paid_content":false,"footnotes":""},"categories":[6],"tags":[],"class_list":["post-3763","post","type-post","status-publish","format-standard","has-post-thumbnail","hentry","category-social"],"a3_pvc":{"activated":true,"total_views":11,"today_views":0},"jetpack_sharing_enabled":true,"jetpack_featured_media_url":"https:\/\/aux-4-coins-des-mots.fr\/wp-content\/uploads\/2025\/12\/vigilence.png","_links":{"self":[{"href":"https:\/\/aux-4-coins-des-mots.fr\/index.php\/wp-json\/wp\/v2\/posts\/3763","targetHints":{"allow":["GET"]}}],"collection":[{"href":"https:\/\/aux-4-coins-des-mots.fr\/index.php\/wp-json\/wp\/v2\/posts"}],"about":[{"href":"https:\/\/aux-4-coins-des-mots.fr\/index.php\/wp-json\/wp\/v2\/types\/post"}],"author":[{"embeddable":true,"href":"https:\/\/aux-4-coins-des-mots.fr\/index.php\/wp-json\/wp\/v2\/users\/1"}],"replies":[{"embeddable":true,"href":"https:\/\/aux-4-coins-des-mots.fr\/index.php\/wp-json\/wp\/v2\/comments?post=3763"}],"version-history":[{"count":2,"href":"https:\/\/aux-4-coins-des-mots.fr\/index.php\/wp-json\/wp\/v2\/posts\/3763\/revisions"}],"predecessor-version":[{"id":3794,"href":"https:\/\/aux-4-coins-des-mots.fr\/index.php\/wp-json\/wp\/v2\/posts\/3763\/revisions\/3794"}],"wp:featuredmedia":[{"embeddable":true,"href":"https:\/\/aux-4-coins-des-mots.fr\/index.php\/wp-json\/wp\/v2\/media\/3266"}],"wp:attachment":[{"href":"https:\/\/aux-4-coins-des-mots.fr\/index.php\/wp-json\/wp\/v2\/media?parent=3763"}],"wp:term":[{"taxonomy":"category","embeddable":true,"href":"https:\/\/aux-4-coins-des-mots.fr\/index.php\/wp-json\/wp\/v2\/categories?post=3763"},{"taxonomy":"post_tag","embeddable":true,"href":"https:\/\/aux-4-coins-des-mots.fr\/index.php\/wp-json\/wp\/v2\/tags?post=3763"}],"curies":[{"name":"wp","href":"https:\/\/api.w.org\/{rel}","templated":true}]}}