{"id":3761,"date":"2026-01-15T14:28:15","date_gmt":"2026-01-15T13:28:15","guid":{"rendered":"https:\/\/aux-4-coins-des-mots.fr\/?p=3761"},"modified":"2026-02-22T14:52:50","modified_gmt":"2026-02-22T13:52:50","slug":"et-de-deux","status":"publish","type":"post","link":"https:\/\/aux-4-coins-des-mots.fr\/index.php\/2026\/01\/15\/et-de-deux\/","title":{"rendered":"Et de deux&#8230;!"},"content":{"rendered":"\n<h5 class=\"wp-block-heading has-heading-color has-primary-background-color has-text-color has-background has-link-color wp-elements-3526c6eaee8be1008c6f361a21ed177f\"><strong><strong>Aux Quatre Coins des Mots ouvre un second local \u00e0 N\u00eemes<\/strong><\/strong><\/h5>\n\n\n\n<figure data-wp-context=\"{&quot;imageId&quot;:&quot;69f1c3b43aa81&quot;}\" data-wp-interactive=\"core\/image\" data-wp-key=\"69f1c3b43aa81\" class=\"wp-block-image aligncenter size-large is-resized wp-lightbox-container\"><img loading=\"lazy\" decoding=\"async\" width=\"1024\" height=\"683\" data-wp-class--hide=\"state.isContentHidden\" data-wp-class--show=\"state.isContentVisible\" data-wp-init=\"callbacks.setButtonStyles\" data-wp-on--click=\"actions.showLightbox\" data-wp-on--load=\"callbacks.setButtonStyles\" data-wp-on-window--resize=\"callbacks.setButtonStyles\" src=\"https:\/\/aux-4-coins-des-mots.fr\/wp-content\/uploads\/2026\/01\/rue-CART-16-janv.-2026-17_26_52-1-1024x683.png\" alt=\"\" class=\"wp-image-3475\" style=\"aspect-ratio:1.5;object-fit:cover;width:650px\" srcset=\"https:\/\/aux-4-coins-des-mots.fr\/wp-content\/uploads\/2026\/01\/rue-CART-16-janv.-2026-17_26_52-1-1024x683.png 1024w, https:\/\/aux-4-coins-des-mots.fr\/wp-content\/uploads\/2026\/01\/rue-CART-16-janv.-2026-17_26_52-1-300x200.png 300w, https:\/\/aux-4-coins-des-mots.fr\/wp-content\/uploads\/2026\/01\/rue-CART-16-janv.-2026-17_26_52-1-768x512.png 768w, https:\/\/aux-4-coins-des-mots.fr\/wp-content\/uploads\/2026\/01\/rue-CART-16-janv.-2026-17_26_52-1.png 1536w\" sizes=\"auto, (max-width: 1024px) 100vw, 1024px\" \/><button\n\t\t\tclass=\"lightbox-trigger\"\n\t\t\ttype=\"button\"\n\t\t\taria-haspopup=\"dialog\"\n\t\t\taria-label=\"Agrandir\"\n\t\t\tdata-wp-init=\"callbacks.initTriggerButton\"\n\t\t\tdata-wp-on--click=\"actions.showLightbox\"\n\t\t\tdata-wp-style--right=\"state.imageButtonRight\"\n\t\t\tdata-wp-style--top=\"state.imageButtonTop\"\n\t\t>\n\t\t\t<svg xmlns=\"http:\/\/www.w3.org\/2000\/svg\" width=\"12\" height=\"12\" fill=\"none\" viewBox=\"0 0 12 12\">\n\t\t\t\t<path fill=\"#fff\" d=\"M2 0a2 2 0 0 0-2 2v2h1.5V2a.5.5 0 0 1 .5-.5h2V0H2Zm2 10.5H2a.5.5 0 0 1-.5-.5V8H0v2a2 2 0 0 0 2 2h2v-1.5ZM8 12v-1.5h2a.5.5 0 0 0 .5-.5V8H12v2a2 2 0 0 1-2 2H8Zm2-12a2 2 0 0 1 2 2v2h-1.5V2a.5.5 0 0 0-.5-.5H8V0h2Z\" \/>\n\t\t\t<\/svg>\n\t\t<\/button><figcaption class=\"wp-element-caption\">14, rue Cart &#8211; 30 000 N\u00eemes<\/figcaption><\/figure>\n\n\n\n<h5 class=\"wp-block-heading has-primary-color has-text-color has-link-color wp-elements-841746111e9c76b7187bdc0dc775a7aa\"><strong>Un lieu pour faire vivre la parole et les liens<\/strong><\/h5>\n\n\n\n<div class=\"wp-block-group is-nowrap is-layout-flex wp-container-core-group-is-layout-6c531013 wp-block-group-is-layout-flex\">\n<p><strong>A<\/strong>ux Quatre Coins des Mots ouvre un second local \u00e0 N\u00eemes.<br>Un lieu pens\u00e9 avant tout comme un espace de parole, d\u2019accueil et de rencontre, au service des personnes, des familles et des partenaires du territoire.<\/p>\n\n\n\n<p><strong>S<\/strong>itu\u00e9 en rez-de-chauss\u00e9e, ce lieu n\u2019est ni un centre de soins, ni un guichet, ni un dispositif de plus.<br>Il est con\u00e7u comme un point d\u2019appui dans la ville, un espace o\u00f9 la parole peut trouver place l\u00e0 o\u00f9 elle fait d\u00e9faut, l\u00e0 o\u00f9 elle d\u00e9borde, l\u00e0 o\u00f9 elle se heurte aux impasses de la vie psychique, relationnelle ou sociale.<\/p>\n\n\n\n<p><strong>D<\/strong>epuis sa cr\u00e9ation, Aux Quatre Coins des Mots s\u2019inscrit dans une orientation psychanalytique : accueillir le sujet parlant, dans sa singularit\u00e9, irr\u00e9ductible \u00e0 ses difficult\u00e9s ou \u00e0 son parcours administratif.<br>Faire de la parole non pas un outil d\u2019\u00e9valuation ou de normalisation, mais un levier d\u2019\u00e9laboration, de lien et de responsabilit\u00e9 subjective.<\/p>\n<\/div>\n\n\n\n<hr class=\"wp-block-separator has-alpha-channel-opacity\"\/>\n\n\n\n<h5 class=\"wp-block-heading has-primary-color has-text-color has-link-color wp-elements-b8f66bcea78477accb92294c2ac76943\"><strong>Un lieu orient\u00e9 par l\u2019\u00e9coute<\/strong><\/h5>\n\n\n\n<div class=\"wp-block-group is-nowrap is-layout-flex wp-container-core-group-is-layout-6c531013 wp-block-group-is-layout-flex\">\n<p><strong>L<\/strong>\u2019accueil s\u2019y fait sans diagnostic pr\u00e9alable, sans condition d\u2019inscription, sans assignation \u00e0 une cat\u00e9gorie.<br>Il s\u2019agit d\u2019offrir un premier temps d\u2019adresse, l\u00e0 o\u00f9 une demande \u00e9merge, l\u00e0 o\u00f9 quelque chose fait impasse dans une trajectoire personnelle, familiale ou sociale.<\/p>\n\n\n\n<p><strong>U<\/strong>n temps d\u2019\u00e9coute et de mise en mots, une \u00e9laboration de la demande, un travail d\u2019orientation, une indication possible (poursuite du travail, relais, orientation vers d\u2019autres lieux ou dispositifs)<\/p>\n\n\n\n<p><strong>C<\/strong>e travail ne vise ni la r\u00e9paration sociale ni l\u2019adaptation normative.<br>Il reconna\u00eet la personne comme sujet de sa parole, capable d\u2019en faire quelque chose.<\/p>\n<\/div>\n\n\n\n<p class=\"has-text-align-left\">APPELEZ NOTRE SERVEUR VOCAL au <strong>09 72 177 199<\/strong><\/p>\n\n\n\n<hr class=\"wp-block-separator has-alpha-channel-opacity\"\/>\n\n\n\n<h5 class=\"wp-block-heading has-primary-color has-text-color has-link-color wp-elements-e14bb2119123291cd99f3de69c903cf0\"><strong>Des ateliers collectifs comme espaces d\u2019\u00e9laboration<\/strong><\/h5>\n\n\n\n<p><strong>A<\/strong>utour de ces consultations, le lieu accueille des ateliers collectifs \u00e0 th\u00e9matiques vari\u00e9es, con\u00e7us comme de v\u00e9ritables espaces de parole et de lien.<\/p>\n\n\n\n<div class=\"wp-block-group is-nowrap is-layout-flex wp-container-core-group-is-layout-6c531013 wp-block-group-is-layout-flex\">\n<p><strong>C<\/strong>es ateliers abordent, selon les formats et les publics :<\/p>\n\n\n\n<ul class=\"wp-block-list\">\n<li><strong>la souffrance psychique,<\/strong><\/li>\n\n\n\n<li><strong>les liens familiaux et sociaux,<\/strong><\/li>\n\n\n\n<li><strong>la parentalit\u00e9,<\/strong><\/li>\n\n\n\n<li><strong>l\u2019isolement,<\/strong><\/li>\n\n\n\n<li><strong>les impasses du quotidien,<\/strong><\/li>\n\n\n\n<li><strong>les effets du travail, de l\u2019exil, de la pr\u00e9carit\u00e9, des ruptures.<\/strong><\/li>\n<\/ul>\n\n\n\n<p><strong>I<\/strong>ls ne rel\u00e8vent ni de la psycho\u00e9ducation ni de la normalisation.<br><strong>I<\/strong>ls offrent un cadre soutenant, non jugeant, o\u00f9 il devient possible de dire, entendre, \u00e9laborer \u00e0 plusieurs, sans injonction \u00e0 la performance ou au changement imm\u00e9diat.<\/p>\n<\/div>\n\n\n\n<h5 class=\"wp-block-heading has-primary-color has-text-color has-link-color wp-elements-8911b903612611c0aed7c537d758b029\"><strong>OPAIR : une pair-aidance orient\u00e9e par la parole<\/strong><\/h5>\n\n\n\n<p><strong>L<\/strong>e dispositif OPAIR s\u2019inscrit dans une conception singuli\u00e8re de la pair-aidance, en coh\u00e9rence avec l\u2019orientation clinique de l\u2019association.<\/p>\n\n\n\n<div class=\"wp-block-group is-nowrap is-layout-flex wp-container-core-group-is-layout-6c531013 wp-block-group-is-layout-flex\">\n<p><strong>I<\/strong>ci, le pair-aidant n\u2019est ni un mod\u00e8le, ni un expert du v\u00e9cu, ni un prescripteur.<br><strong>I<\/strong>l est un sujet engag\u00e9 dans son propre parcours, form\u00e9 \u00e0 occuper une place de soutien sans se substituer, sans conseiller, sans savoir \u00e0 la place de l\u2019autre.<\/p>\n\n\n\n<p><strong>D<\/strong>ans une logique d\u2019inspiration lacanienne, la pair-aidance est pens\u00e9e comme :<\/p>\n\n\n\n<ul class=\"wp-block-list\">\n<li><strong>une pr\u00e9sence,<\/strong><\/li>\n\n\n\n<li><strong>un appui,<\/strong><\/li>\n\n\n\n<li><strong>un tiers possible,<br>au service de la circulation de la parole, et non de son encadrement.<\/strong><\/li>\n<\/ul>\n\n\n\n<p><strong>OPAIR<\/strong> vient soutenir les parcours en articulation \u00e9troite avec les consultations et les ateliers, sans jamais prendre le dessus sur la dimension clinique.<\/p>\n<\/div>\n\n\n\n<h5 class=\"wp-block-heading has-primary-color has-text-color has-link-color wp-elements-129e57fbf4defe2a8136ebddfda4e7c8\"><strong>Des m\u00e9diations comme compl\u00e9ments, jamais comme finalit\u00e9<\/strong><\/h5>\n\n\n\n<p><strong>D<\/strong>es actions de type Passerelles, ASL Sant\u00e9, m\u00e9diations linguistiques ou num\u00e9riques peuvent trouver place dans ce local.<br><strong>E<\/strong>lles sont pens\u00e9es comme des supports ponctuels, permettant de lever certains obstacles concrets lorsque ceux-ci entravent l\u2019acc\u00e8s \u00e0 la parole, aux droits ou aux soins.<\/p>\n\n\n\n<p><strong>L<\/strong>a langue, le num\u00e9rique ou les d\u00e9marches ne sont jamais des objectifs en soi.<br><strong>I<\/strong>ls sont des moyens, au service du sujet et de son parcours, et non l\u2019inverse.<\/p>\n\n\n\n<hr class=\"wp-block-separator has-alpha-channel-opacity\"\/>\n\n\n\n<h5 class=\"wp-block-heading has-primary-color has-text-color has-link-color wp-elements-5b606bbf7010afce6deb31f9def267d0\"><strong>Un lieu dans la ville, pour d\u00e9placer les fronti\u00e8res<\/strong><\/h5>\n\n\n\n<figure data-wp-context=\"{&quot;imageId&quot;:&quot;69f1c3b43c585&quot;}\" data-wp-interactive=\"core\/image\" data-wp-key=\"69f1c3b43c585\" class=\"wp-block-image aligncenter size-large is-resized wp-lightbox-container\"><img loading=\"lazy\" decoding=\"async\" width=\"1024\" height=\"683\" data-wp-class--hide=\"state.isContentHidden\" data-wp-class--show=\"state.isContentVisible\" data-wp-init=\"callbacks.setButtonStyles\" data-wp-on--click=\"actions.showLightbox\" data-wp-on--load=\"callbacks.setButtonStyles\" data-wp-on-window--resize=\"callbacks.setButtonStyles\" src=\"https:\/\/aux-4-coins-des-mots.fr\/wp-content\/uploads\/2026\/01\/LE-BAUCIS-16-janv.-2026-20_43_51-1-1024x683.png\" alt=\"\" class=\"wp-image-3476\" style=\"width:650px\" srcset=\"https:\/\/aux-4-coins-des-mots.fr\/wp-content\/uploads\/2026\/01\/LE-BAUCIS-16-janv.-2026-20_43_51-1-1024x683.png 1024w, https:\/\/aux-4-coins-des-mots.fr\/wp-content\/uploads\/2026\/01\/LE-BAUCIS-16-janv.-2026-20_43_51-1-300x200.png 300w, https:\/\/aux-4-coins-des-mots.fr\/wp-content\/uploads\/2026\/01\/LE-BAUCIS-16-janv.-2026-20_43_51-1-768x512.png 768w, https:\/\/aux-4-coins-des-mots.fr\/wp-content\/uploads\/2026\/01\/LE-BAUCIS-16-janv.-2026-20_43_51-1.png 1536w\" sizes=\"auto, (max-width: 1024px) 100vw, 1024px\" \/><button\n\t\t\tclass=\"lightbox-trigger\"\n\t\t\ttype=\"button\"\n\t\t\taria-haspopup=\"dialog\"\n\t\t\taria-label=\"Agrandir\"\n\t\t\tdata-wp-init=\"callbacks.initTriggerButton\"\n\t\t\tdata-wp-on--click=\"actions.showLightbox\"\n\t\t\tdata-wp-style--right=\"state.imageButtonRight\"\n\t\t\tdata-wp-style--top=\"state.imageButtonTop\"\n\t\t>\n\t\t\t<svg xmlns=\"http:\/\/www.w3.org\/2000\/svg\" width=\"12\" height=\"12\" fill=\"none\" viewBox=\"0 0 12 12\">\n\t\t\t\t<path fill=\"#fff\" d=\"M2 0a2 2 0 0 0-2 2v2h1.5V2a.5.5 0 0 1 .5-.5h2V0H2Zm2 10.5H2a.5.5 0 0 1-.5-.5V8H0v2a2 2 0 0 0 2 2h2v-1.5ZM8 12v-1.5h2a.5.5 0 0 0 .5-.5V8H12v2a2 2 0 0 1-2 2H8Zm2-12a2 2 0 0 1 2 2v2h-1.5V2a.5.5 0 0 0-.5-.5H8V0h2Z\" \/>\n\t\t\t<\/svg>\n\t\t<\/button><figcaption class=\"wp-element-caption\">2, rue des amoureux &#8211; 30 000 N\u00eemes<\/figcaption><\/figure>\n\n\n\n<div class=\"wp-block-group is-nowrap is-layout-flex wp-container-core-group-is-layout-6c531013 wp-block-group-is-layout-flex\">\n<p><strong>C<\/strong>ontrairement au local situ\u00e9 au <strong>2, rue des amoureux<\/strong>, ce nouveau local n\u2019est pas implant\u00e9 en quartier prioritaire.<br><strong>C<\/strong>e choix est pleinement assum\u00e9.<\/p>\n\n\n\n<p><strong>I<\/strong>l ne s\u2019agit ni de se d\u00e9tourner des quartiers, ni de s\u2019en extraire, mais de refuser que la parole y reste confin\u00e9e.<br><strong>P<\/strong>ermettre \u00e0 des personnes venant des quartiers comme d\u2019ailleurs de se rencontrer dans un espace commun, visible, inscrit dans la ville, ouvert et identifiable.<\/p>\n\n\n\n<p><strong>V<\/strong>enir ici, c\u2019est pouvoir changer de lieu, changer de cadre, et parfois d\u00e9j\u00e0 d\u00e9placer quelque chose dans sa position.<\/p>\n<\/div>\n\n\n\n<hr class=\"wp-block-separator has-alpha-channel-opacity\"\/>\n\n\n\n<p><strong>Aux Quatre Coins des Mots<br>Un lieu pour parler.<br>Un lieu pour \u00eatre entendu.<br>Un lieu o\u00f9 la parole n\u2019est ni \u00e9valu\u00e9e, ni corrig\u00e9e, ni instrumentalis\u00e9e<\/strong><\/p>\n<div class=\"pvc_clear\"><\/div><p id=\"pvc_stats_3761\" class=\"pvc_stats all  \" data-element-id=\"3761\" style=\"\"><i class=\"pvc-stats-icon medium\" aria-hidden=\"true\"><svg aria-hidden=\"true\" focusable=\"false\" data-prefix=\"far\" data-icon=\"chart-bar\" role=\"img\" xmlns=\"http:\/\/www.w3.org\/2000\/svg\" viewBox=\"0 0 512 512\" class=\"svg-inline--fa fa-chart-bar fa-w-16 fa-2x\"><path fill=\"currentColor\" d=\"M396.8 352h22.4c6.4 0 12.8-6.4 12.8-12.8V108.8c0-6.4-6.4-12.8-12.8-12.8h-22.4c-6.4 0-12.8 6.4-12.8 12.8v230.4c0 6.4 6.4 12.8 12.8 12.8zm-192 0h22.4c6.4 0 12.8-6.4 12.8-12.8V140.8c0-6.4-6.4-12.8-12.8-12.8h-22.4c-6.4 0-12.8 6.4-12.8 12.8v198.4c0 6.4 6.4 12.8 12.8 12.8zm96 0h22.4c6.4 0 12.8-6.4 12.8-12.8V204.8c0-6.4-6.4-12.8-12.8-12.8h-22.4c-6.4 0-12.8 6.4-12.8 12.8v134.4c0 6.4 6.4 12.8 12.8 12.8zM496 400H48V80c0-8.84-7.16-16-16-16H16C7.16 64 0 71.16 0 80v336c0 17.67 14.33 32 32 32h464c8.84 0 16-7.16 16-16v-16c0-8.84-7.16-16-16-16zm-387.2-48h22.4c6.4 0 12.8-6.4 12.8-12.8v-70.4c0-6.4-6.4-12.8-12.8-12.8h-22.4c-6.4 0-12.8 6.4-12.8 12.8v70.4c0 6.4 6.4 12.8 12.8 12.8z\" class=\"\"><\/path><\/svg><\/i> <img loading=\"lazy\" decoding=\"async\" width=\"16\" height=\"16\" alt=\"Loading\" src=\"https:\/\/aux-4-coins-des-mots.fr\/wp-content\/plugins\/page-views-count\/ajax-loader-2x.gif\" border=0 \/><\/p><div class=\"pvc_clear\"><\/div>","protected":false},"excerpt":{"rendered":"<p>Aux Quatre Coins des Mots ouvre un second local \u00e0 N\u00eemes Un lieu pour faire vivre la parole et les liens Aux Quatre Coins des Mots ouvre un second local \u00e0 N\u00eemes.Un lieu pens\u00e9 avant tout comme un espace de parole, d\u2019accueil et de rencontre, au service des personnes, des familles et des partenaires du [&hellip;]<\/p>\n<div class=\"pvc_clear\"><\/div>\n<p id=\"pvc_stats_3761\" class=\"pvc_stats all  \" data-element-id=\"3761\" style=\"\"><i class=\"pvc-stats-icon medium\" aria-hidden=\"true\"><svg aria-hidden=\"true\" focusable=\"false\" data-prefix=\"far\" data-icon=\"chart-bar\" role=\"img\" xmlns=\"http:\/\/www.w3.org\/2000\/svg\" viewBox=\"0 0 512 512\" class=\"svg-inline--fa fa-chart-bar fa-w-16 fa-2x\"><path fill=\"currentColor\" d=\"M396.8 352h22.4c6.4 0 12.8-6.4 12.8-12.8V108.8c0-6.4-6.4-12.8-12.8-12.8h-22.4c-6.4 0-12.8 6.4-12.8 12.8v230.4c0 6.4 6.4 12.8 12.8 12.8zm-192 0h22.4c6.4 0 12.8-6.4 12.8-12.8V140.8c0-6.4-6.4-12.8-12.8-12.8h-22.4c-6.4 0-12.8 6.4-12.8 12.8v198.4c0 6.4 6.4 12.8 12.8 12.8zm96 0h22.4c6.4 0 12.8-6.4 12.8-12.8V204.8c0-6.4-6.4-12.8-12.8-12.8h-22.4c-6.4 0-12.8 6.4-12.8 12.8v134.4c0 6.4 6.4 12.8 12.8 12.8zM496 400H48V80c0-8.84-7.16-16-16-16H16C7.16 64 0 71.16 0 80v336c0 17.67 14.33 32 32 32h464c8.84 0 16-7.16 16-16v-16c0-8.84-7.16-16-16-16zm-387.2-48h22.4c6.4 0 12.8-6.4 12.8-12.8v-70.4c0-6.4-6.4-12.8-12.8-12.8h-22.4c-6.4 0-12.8 6.4-12.8 12.8v70.4c0 6.4 6.4 12.8 12.8 12.8z\" class=\"\"><\/path><\/svg><\/i> <img loading=\"lazy\" decoding=\"async\" width=\"16\" height=\"16\" alt=\"Loading\" src=\"https:\/\/aux-4-coins-des-mots.fr\/wp-content\/plugins\/page-views-count\/ajax-loader-2x.gif\" border=0 \/><\/p>\n<div class=\"pvc_clear\"><\/div>\n","protected":false},"author":1,"featured_media":3475,"comment_status":"closed","ping_status":"open","sticky":false,"template":"","format":"standard","meta":{"iawp_total_views":1,"_jetpack_memberships_contains_paid_content":false,"footnotes":""},"categories":[5,6],"tags":[],"class_list":["post-3761","post","type-post","status-publish","format-standard","has-post-thumbnail","hentry","category-psychanalyse","category-social"],"a3_pvc":{"activated":true,"total_views":9,"today_views":0},"jetpack_sharing_enabled":true,"jetpack_featured_media_url":"https:\/\/aux-4-coins-des-mots.fr\/wp-content\/uploads\/2026\/01\/rue-CART-16-janv.-2026-17_26_52-1.png","_links":{"self":[{"href":"https:\/\/aux-4-coins-des-mots.fr\/index.php\/wp-json\/wp\/v2\/posts\/3761","targetHints":{"allow":["GET"]}}],"collection":[{"href":"https:\/\/aux-4-coins-des-mots.fr\/index.php\/wp-json\/wp\/v2\/posts"}],"about":[{"href":"https:\/\/aux-4-coins-des-mots.fr\/index.php\/wp-json\/wp\/v2\/types\/post"}],"author":[{"embeddable":true,"href":"https:\/\/aux-4-coins-des-mots.fr\/index.php\/wp-json\/wp\/v2\/users\/1"}],"replies":[{"embeddable":true,"href":"https:\/\/aux-4-coins-des-mots.fr\/index.php\/wp-json\/wp\/v2\/comments?post=3761"}],"version-history":[{"count":1,"href":"https:\/\/aux-4-coins-des-mots.fr\/index.php\/wp-json\/wp\/v2\/posts\/3761\/revisions"}],"predecessor-version":[{"id":3762,"href":"https:\/\/aux-4-coins-des-mots.fr\/index.php\/wp-json\/wp\/v2\/posts\/3761\/revisions\/3762"}],"wp:featuredmedia":[{"embeddable":true,"href":"https:\/\/aux-4-coins-des-mots.fr\/index.php\/wp-json\/wp\/v2\/media\/3475"}],"wp:attachment":[{"href":"https:\/\/aux-4-coins-des-mots.fr\/index.php\/wp-json\/wp\/v2\/media?parent=3761"}],"wp:term":[{"taxonomy":"category","embeddable":true,"href":"https:\/\/aux-4-coins-des-mots.fr\/index.php\/wp-json\/wp\/v2\/categories?post=3761"},{"taxonomy":"post_tag","embeddable":true,"href":"https:\/\/aux-4-coins-des-mots.fr\/index.php\/wp-json\/wp\/v2\/tags?post=3761"}],"curies":[{"name":"wp","href":"https:\/\/api.w.org\/{rel}","templated":true}]}}