{"id":3759,"date":"2026-01-19T14:23:00","date_gmt":"2026-01-19T13:23:00","guid":{"rendered":"https:\/\/aux-4-coins-des-mots.fr\/?p=3759"},"modified":"2026-02-22T15:20:37","modified_gmt":"2026-02-22T14:20:37","slug":"resonances","status":"publish","type":"post","link":"https:\/\/aux-4-coins-des-mots.fr\/index.php\/2026\/01\/19\/resonances\/","title":{"rendered":"R\u00e9sonances&#8230;"},"content":{"rendered":"\n<h5 class=\"wp-block-heading has-heading-color has-primary-background-color has-text-color has-background has-link-color wp-elements-c3e364fe434fdfa6a84e0bd4c9da0e7e\"><strong><strong>Avril 2023&#8230; un moment qui r\u00e9sonne encore aujourd&rsquo;hui.<\/strong><\/strong><\/h5>\n\n\n\n<figure class=\"wp-block-embed is-type-video is-provider-youtube wp-block-embed-youtube wp-embed-aspect-16-9 wp-has-aspect-ratio\"><div class=\"wp-block-embed__wrapper\">\n<iframe loading=\"lazy\" title=\"pr\u00e9carit\u00e9 et souffrance psy : paroles d&#039;\u00e9lus et engagement associatif dans le d\u00e9partement du Gard.\" width=\"500\" height=\"281\" src=\"https:\/\/www.youtube.com\/embed\/poMgfrkQF2k?feature=oembed\" frameborder=\"0\" allow=\"accelerometer; autoplay; clipboard-write; encrypted-media; gyroscope; picture-in-picture; web-share\" referrerpolicy=\"strict-origin-when-cross-origin\" allowfullscreen><\/iframe>\n<\/div><\/figure>\n\n\n\n<hr class=\"wp-block-separator has-alpha-channel-opacity\"\/>\n\n\n\n<ul class=\"wp-block-list\">\n<li>Le <strong>Conseil d\u00e9partemental du Gard<\/strong> est l\u2019assembl\u00e9e qui impulse des politiques sociales, \u00e9ducatives et de sant\u00e9 sur le territoire.<\/li>\n\n\n\n<li>Amal Couvreur est active dans des actions de coh\u00e9sion sociale en tant que vice-pr\u00e9sidente.<\/li>\n\n\n\n<li>Vincent Bouget est \u00e9galement engag\u00e9 politiquement \u00e0 N\u00eemes, dans une coalition centr\u00e9e sur des projets sociaux, participatifs, et humains.<\/li>\n<\/ul>\n\n\n\n<h3 class=\"wp-block-heading\"><strong>Amal Couvreur<\/strong><\/h3>\n\n\n\n<ul class=\"wp-block-list\">\n<li>Conseill\u00e8re d\u00e9partementale du canton de <strong>N\u00eemes 2<\/strong>. <\/li>\n\n\n\n<li><strong>Vice-pr\u00e9sidente d\u00e9l\u00e9gu\u00e9e \u00e0 la Politique de la ville<\/strong> au Conseil d\u00e9partemental du Gard.<\/li>\n\n\n\n<li>Profession : Assistante sociale. <br>\u2192 Engagements : coh\u00e9sion sociale, politique de la ville, inclusion.<\/li>\n<\/ul>\n\n\n\n<hr class=\"wp-block-separator has-alpha-channel-opacity\"\/>\n\n\n\n<h3 class=\"wp-block-heading\"><strong>Vincent Bouget<\/strong><\/h3>\n\n\n\n<ul class=\"wp-block-list\">\n<li>\u00c9lu municipal \u00e0 la Ville de N\u00eemes depuis 2020, o\u00f9 il pr\u00e9side le groupe <strong>N\u00eemes Citoyenne \u00c0 Gauche<\/strong> dans l\u2019opposition.<\/li>\n\n\n\n<li>\u00c9lu \u00e0 N\u00eemes M\u00e9tropole, pr\u00e9sident du groupe <strong>Gauche Unie, Citoyenne et \u00c9cologiste<\/strong>.<\/li>\n\n\n\n<li>Conseiller d\u00e9partemental du Gard depuis juin 2021 (canton de N\u00eemes 3), \u00e9lu en bin\u00f4me avec Dominique Andrieu-Bonnet.<\/li>\n\n\n\n<li>Conseiller d\u00e9partemental d\u00e9l\u00e9gu\u00e9 aux Sports.<\/li>\n\n\n\n<li>Pr\u00e9sident du <strong>CAUE<\/strong> (Conseil en Architecture, Urbanisme et Environnement).<\/li>\n\n\n\n<li>Vice-pr\u00e9sident du <strong>SDIS<\/strong> (Service D\u00e9partemental d\u2019Incendie et de Secours).<\/li>\n<\/ul>\n\n\n\n<hr class=\"wp-block-separator has-alpha-channel-opacity\"\/>\n\n\n\n<h3 class=\"wp-block-heading\"><strong>Contexte de l\u2019intervention<\/strong><\/h3>\n\n\n\n<p><strong>\u00c9v\u00e9nement<\/strong> : Rencontre\/intervention organis\u00e9e par <em>Aux Quatre Coins des Mots<\/em> (association d\u2019accueil, \u00e9coute et soutien psychique).<br><strong>Th\u00e8me central<\/strong> : <strong>Souffrance psychique<\/strong>, <strong>pr\u00e9carit\u00e9 sociale<\/strong>, et <strong>m\u00e9diation des politiques publiques face \u00e0 ces enjeux<\/strong>.<br>Les intervenants repr\u00e9sentent le <strong>Conseil d\u00e9partemental du Gard<\/strong>, institution engag\u00e9e dans les politiques sociales et territoriales.<\/p>\n\n\n\n<hr class=\"wp-block-separator has-alpha-channel-opacity\"\/>\n\n\n\n<p>L\u2019intervention met en lumi\u00e8re :<\/p>\n\n\n\n<p>l\u2019impact des conditions de vie pr\u00e9caires sur la sant\u00e9 psychique,<\/p>\n\n\n\n<p>l\u2019importance des structures de proximit\u00e9,<\/p>\n\n\n\n<p>la n\u00e9cessit\u00e9 d\u2019un travail partenarial entre associations et collectivit\u00e9s.<\/p>\n\n\n\n<p>La <strong>r\u00e9alit\u00e9 sociale de la souffrance psychique<\/strong> dans les territoires fragiles ;<\/p>\n\n\n\n<p>Les <strong>enjeux de pr\u00e9carit\u00e9<\/strong> exacerbant les difficult\u00e9s d\u2019acc\u00e8s \u00e0 l\u2019\u00e9coute et aux services sociaux ;<\/p>\n\n\n\n<p>La <strong>n\u00e9cessit\u00e9 d\u2019une action publique coordonn\u00e9e<\/strong> pour r\u00e9pondre \u00e0 ces d\u00e9fis (politique sociale, coh\u00e9sion territoriale).<\/p>\n\n\n\n<p>\u2192 L\u2019intervention implique une volont\u00e9 d\u2019<strong>\u00e9coute, de reconnaissance et de soutien institutionnel<\/strong> des personnes en situation de fragilit\u00e9.<\/p>\n\n\n\n<hr class=\"wp-block-separator has-alpha-channel-opacity\"\/>\n\n\n\n<h3 class=\"wp-block-heading\"><strong>Les missions d\u2019O4CDM<\/strong><\/h3>\n\n\n\n<p>O4CDM (Aux Quatre Coins des Mots) \u0153uvre depuis 2018 pour :<br>\u2022 <strong>l\u2019acc\u00e8s \u00e0 l\u2019\u00e9coute<\/strong> et aux soins psychiques pour les publics en situation de pr\u00e9carit\u00e9 ;<br>\u2022 cr\u00e9er un <strong>espace d\u2019accueil, de discussion et de soutien<\/strong>, sans stigmatisation ;<br>\u2022 porter la voix des personnes fragilis\u00e9es au c\u0153ur des politiques publiques.<\/p>\n\n\n\n<p>Cette intervention s\u2019inscrit directement dans cette mission :<br>\u2192 elle met en dialogue des acteurs politiques de terrain avec une association de support psychique ;<br>\u2192 elle contribue \u00e0 rendre visibles les enjeux de sant\u00e9 mentale et de fragilit\u00e9 sociale dans les politiques d\u00e9partementales ;<br>\u2192 elle l\u00e9gitime la d\u00e9marche citoyenne d\u2019O4CDM aupr\u00e8s des d\u00e9cideurs publics.<\/p>\n\n\n\n<hr class=\"wp-block-separator has-alpha-channel-opacity\"\/>\n<div class=\"pvc_clear\"><\/div><p id=\"pvc_stats_3759\" class=\"pvc_stats all  \" data-element-id=\"3759\" style=\"\"><i class=\"pvc-stats-icon medium\" aria-hidden=\"true\"><svg aria-hidden=\"true\" focusable=\"false\" data-prefix=\"far\" data-icon=\"chart-bar\" role=\"img\" xmlns=\"http:\/\/www.w3.org\/2000\/svg\" viewBox=\"0 0 512 512\" class=\"svg-inline--fa fa-chart-bar fa-w-16 fa-2x\"><path fill=\"currentColor\" d=\"M396.8 352h22.4c6.4 0 12.8-6.4 12.8-12.8V108.8c0-6.4-6.4-12.8-12.8-12.8h-22.4c-6.4 0-12.8 6.4-12.8 12.8v230.4c0 6.4 6.4 12.8 12.8 12.8zm-192 0h22.4c6.4 0 12.8-6.4 12.8-12.8V140.8c0-6.4-6.4-12.8-12.8-12.8h-22.4c-6.4 0-12.8 6.4-12.8 12.8v198.4c0 6.4 6.4 12.8 12.8 12.8zm96 0h22.4c6.4 0 12.8-6.4 12.8-12.8V204.8c0-6.4-6.4-12.8-12.8-12.8h-22.4c-6.4 0-12.8 6.4-12.8 12.8v134.4c0 6.4 6.4 12.8 12.8 12.8zM496 400H48V80c0-8.84-7.16-16-16-16H16C7.16 64 0 71.16 0 80v336c0 17.67 14.33 32 32 32h464c8.84 0 16-7.16 16-16v-16c0-8.84-7.16-16-16-16zm-387.2-48h22.4c6.4 0 12.8-6.4 12.8-12.8v-70.4c0-6.4-6.4-12.8-12.8-12.8h-22.4c-6.4 0-12.8 6.4-12.8 12.8v70.4c0 6.4 6.4 12.8 12.8 12.8z\" class=\"\"><\/path><\/svg><\/i> <img loading=\"lazy\" decoding=\"async\" width=\"16\" height=\"16\" alt=\"Loading\" src=\"https:\/\/aux-4-coins-des-mots.fr\/wp-content\/plugins\/page-views-count\/ajax-loader-2x.gif\" border=0 \/><\/p><div class=\"pvc_clear\"><\/div>","protected":false},"excerpt":{"rendered":"<p>Avril 2023&#8230; un moment qui r\u00e9sonne encore aujourd&rsquo;hui. Amal Couvreur Vincent Bouget Contexte de l\u2019intervention \u00c9v\u00e9nement : Rencontre\/intervention organis\u00e9e par Aux Quatre Coins des Mots (association d\u2019accueil, \u00e9coute et soutien psychique).Th\u00e8me central : Souffrance psychique, pr\u00e9carit\u00e9 sociale, et m\u00e9diation des politiques publiques face \u00e0 ces enjeux.Les intervenants repr\u00e9sentent le Conseil d\u00e9partemental du Gard, institution engag\u00e9e [&hellip;]<\/p>\n<div class=\"pvc_clear\"><\/div>\n<p id=\"pvc_stats_3759\" class=\"pvc_stats all  \" data-element-id=\"3759\" style=\"\"><i class=\"pvc-stats-icon medium\" aria-hidden=\"true\"><svg aria-hidden=\"true\" focusable=\"false\" data-prefix=\"far\" data-icon=\"chart-bar\" role=\"img\" xmlns=\"http:\/\/www.w3.org\/2000\/svg\" viewBox=\"0 0 512 512\" class=\"svg-inline--fa fa-chart-bar fa-w-16 fa-2x\"><path fill=\"currentColor\" d=\"M396.8 352h22.4c6.4 0 12.8-6.4 12.8-12.8V108.8c0-6.4-6.4-12.8-12.8-12.8h-22.4c-6.4 0-12.8 6.4-12.8 12.8v230.4c0 6.4 6.4 12.8 12.8 12.8zm-192 0h22.4c6.4 0 12.8-6.4 12.8-12.8V140.8c0-6.4-6.4-12.8-12.8-12.8h-22.4c-6.4 0-12.8 6.4-12.8 12.8v198.4c0 6.4 6.4 12.8 12.8 12.8zm96 0h22.4c6.4 0 12.8-6.4 12.8-12.8V204.8c0-6.4-6.4-12.8-12.8-12.8h-22.4c-6.4 0-12.8 6.4-12.8 12.8v134.4c0 6.4 6.4 12.8 12.8 12.8zM496 400H48V80c0-8.84-7.16-16-16-16H16C7.16 64 0 71.16 0 80v336c0 17.67 14.33 32 32 32h464c8.84 0 16-7.16 16-16v-16c0-8.84-7.16-16-16-16zm-387.2-48h22.4c6.4 0 12.8-6.4 12.8-12.8v-70.4c0-6.4-6.4-12.8-12.8-12.8h-22.4c-6.4 0-12.8 6.4-12.8 12.8v70.4c0 6.4 6.4 12.8 12.8 12.8z\" class=\"\"><\/path><\/svg><\/i> <img loading=\"lazy\" decoding=\"async\" width=\"16\" height=\"16\" alt=\"Loading\" src=\"https:\/\/aux-4-coins-des-mots.fr\/wp-content\/plugins\/page-views-count\/ajax-loader-2x.gif\" border=0 \/><\/p>\n<div class=\"pvc_clear\"><\/div>\n","protected":false},"author":1,"featured_media":3767,"comment_status":"closed","ping_status":"open","sticky":false,"template":"","format":"standard","meta":{"iawp_total_views":0,"_jetpack_memberships_contains_paid_content":false,"footnotes":""},"categories":[7,5,6],"tags":[],"class_list":["post-3759","post","type-post","status-publish","format-standard","has-post-thumbnail","hentry","category-educ","category-psychanalyse","category-social"],"a3_pvc":{"activated":true,"total_views":15,"today_views":0},"jetpack_sharing_enabled":true,"jetpack_featured_media_url":"https:\/\/aux-4-coins-des-mots.fr\/wp-content\/uploads\/2026\/02\/couvreur-2023.png","_links":{"self":[{"href":"https:\/\/aux-4-coins-des-mots.fr\/index.php\/wp-json\/wp\/v2\/posts\/3759","targetHints":{"allow":["GET"]}}],"collection":[{"href":"https:\/\/aux-4-coins-des-mots.fr\/index.php\/wp-json\/wp\/v2\/posts"}],"about":[{"href":"https:\/\/aux-4-coins-des-mots.fr\/index.php\/wp-json\/wp\/v2\/types\/post"}],"author":[{"embeddable":true,"href":"https:\/\/aux-4-coins-des-mots.fr\/index.php\/wp-json\/wp\/v2\/users\/1"}],"replies":[{"embeddable":true,"href":"https:\/\/aux-4-coins-des-mots.fr\/index.php\/wp-json\/wp\/v2\/comments?post=3759"}],"version-history":[{"count":3,"href":"https:\/\/aux-4-coins-des-mots.fr\/index.php\/wp-json\/wp\/v2\/posts\/3759\/revisions"}],"predecessor-version":[{"id":3777,"href":"https:\/\/aux-4-coins-des-mots.fr\/index.php\/wp-json\/wp\/v2\/posts\/3759\/revisions\/3777"}],"wp:featuredmedia":[{"embeddable":true,"href":"https:\/\/aux-4-coins-des-mots.fr\/index.php\/wp-json\/wp\/v2\/media\/3767"}],"wp:attachment":[{"href":"https:\/\/aux-4-coins-des-mots.fr\/index.php\/wp-json\/wp\/v2\/media?parent=3759"}],"wp:term":[{"taxonomy":"category","embeddable":true,"href":"https:\/\/aux-4-coins-des-mots.fr\/index.php\/wp-json\/wp\/v2\/categories?post=3759"},{"taxonomy":"post_tag","embeddable":true,"href":"https:\/\/aux-4-coins-des-mots.fr\/index.php\/wp-json\/wp\/v2\/tags?post=3759"}],"curies":[{"name":"wp","href":"https:\/\/api.w.org\/{rel}","templated":true}]}}